{"id":331096,"date":"2021-06-28T08:36:12","date_gmt":"2021-06-28T06:36:12","guid":{"rendered":"https:\/\/www.ganshoren.be\/?p=331096"},"modified":"2021-06-28T08:39:14","modified_gmt":"2021-06-28T06:39:14","slug":"persbericht-24-juni-2021","status":"publish","type":"post","link":"https:\/\/www.ganshoren.be\/nl\/persbericht-24-juni-2021\/","title":{"rendered":"PERSBERICHT &#8211; 24 juni 2021"},"content":{"rendered":"<p class=\"x_xmsotitle\"><strong>Publicatie ministerieel besluit voor tweede fase zomerplan<\/strong><\/p>\n<p class=\"x_xmsotitle\">Brussel, donderdag 24 juni 2021<\/p>\n<p class=\"x_xmsonormal\"><b>Het ministerieel besluit met de coronamaatregelen voor de tweede fase van het zomerplan is gepubliceerd in het Belgisch Staatsblad. Op enkele uitzonderingen na treden de maatregelen in werking op 27 juni 2021.<\/b><\/p>\n<p class=\"x_xmsonormal\">Tijdens het Overlegcomit\u00e9 van 18 juni 2021 werd beslist om de tweede fase van het zomerplan te activeren. De beslissingen werden vertaald in een ministerieel besluit.<\/p>\n<p class=\"x_xmsonormal\">De maatregelen zijn van toepassing tot en met 30 september 2021. De epidemiologische situatie wordt echter permanent en nauwgezet opgevolgd. Het is dan ook niet uitgesloten dat de maatregelen verder zullen worden aangepast in de komende periode. Een volgend Overlegcomit\u00e9 daartoe is alvast gepland op 16 juli 2021.<\/p>\n<p class=\"x_xmsonormal\">Aangezien werd beslist tijdens het Overlegcomit\u00e9 van 18 juni 2021 om de maatregelen van de tweede fase van het zomerplan te laten ingaan op 27 juni 2021 en de sectoren zich daarop moeten kunnen voorbereiden, was er onvoldoende tijd om het ministerieel besluit voor advies voor te leggen aan de afdeling Wetgeving van de Raad van State.<\/p>\n<p class=\"x_xmsonormal\"><b>Horeca<\/b><\/p>\n<p class=\"x_xmsonormal\">Horeca wordt toegelaten van 05u00 tot 01u00, net als het aanbieden van afhaalmaaltijden en leveringen aan huis. Een maximum van acht personen per tafel is toegelaten, kinderen tot en met twaalf jaar niet meegeteld. Een huishouden mag een tafel delen, ongeacht de grootte van dat huishouden.<\/p>\n<p class=\"x_xmsonormal\">Tafels buiten mogen zo geplaatst worden dat minder dan 1,5 meter tussen de tafelgezelschappen wordt gegarandeerd, indien ze afgescheiden worden door een plexiglazen wand of een gelijkwaardig alternatief met een minimale hoogte van 1,8 meter.<\/p>\n<p class=\"x_xmsonormal\">Caf\u00e9sporten en kansspelen in horeca-inrichtingen zijn opnieuw toegelaten, mits de spelers hun mondmasker dragen.<\/p>\n<p class=\"x_xmsonormal\">Het aantal klanten voor indoor banketten en recepties wordt niet langer beperkt.<\/p>\n<p class=\"x_xmsonormal\"><b>Activiteiten in georganiseerd verband<\/b><\/p>\n<p class=\"x_xmsonormal\">E\u00e9n of meerdere groepen van maximum 100 personen tot en met 29 juli 2021 en van maximum 200 personen vanaf 30 juli 2021, de begeleiders niet meegeteld, mag deelnemen aan activiteiten in georganiseerd verband, in het bijzonder georganiseerd door een club of vereniging, steeds in aanwezigheid van een meerderjarige trainer, begeleider of toezichter.<\/p>\n<p class=\"x_xmsonormal\"><b>Erediensten en ceremonies<\/b><\/p>\n<p class=\"x_xmsonormal\">Burgerlijke huwelijken, begrafenissen en crematies, individuele en collectieve uitoefening van de eredienst en individuele en collectieve uitoefening van de niet-confessionele morele dienstverlening en van activiteiten binnen een filosofisch-levensbeschouwelijke vereniging, en het individueel of collectief bezoek aan een gebouw voor de eredienst of aan een gebouw voor niet-confessionele morele dienstverlening zijn binnen toegelaten met maximum 200 personen en buiten met 400, kinderen tot en met twaalf jaar niet meegeteld. Het aantal van 400 personen geldt ook voor een bezoek aan een begraafplaats in het kader van een uitvaartceremonie.<\/p>\n<p class=\"x_xmsonormal\">Grotere aantallen zijn mogelijk na voorafgaande toelating van de bevoegde gemeentelijke overheid en met toepassing van de CIRM\/CERM.<\/p>\n<p class=\"x_xmsonormal\"><b>Evenementen, culturele en andere voorstellingen, sportieve wedstrijden en -trainingen en congressen<\/b><\/p>\n<p class=\"x_xmsonormal\">Evenementen, culturele en andere voorstellingen, sportieve wedstrijden en -trainingen en congressen kunnen plaatsvinden tussen 05u00 en 01u00.<\/p>\n<p class=\"x_xmsonormal\">Een zittend publiek van maximum 2.000 personen tot en met 29 juli 2021 en een publiek van maximum 3.000 personen vanaf 30 juli 2021 is toegelaten, kinderen tot en met twaalf jaar niet meegeteld, voor zover de activiteit binnen worden georganiseerd en mits voorafgaande toelating van de bevoegde gemeentelijke overheid.<\/p>\n<p class=\"x_xmsonormal\">Een publiek van maximum 2.500 personen tot en met 29 juli 2021 en van maximum 5.000 personen vanaf 30 juli 2021 is toegelaten, kinderen tot en met twaalf jaar niet meegeteld, voor zover de activiteit buiten worden georganiseerd, mits voorafgaande toelating van de bevoegde gemeentelijke overheid.<\/p>\n<p class=\"x_xmsonormal\">De toelating van de bevoegde gemeentelijke overheid is niet verplicht indien het publiek minder dan 100 personen (binnen) of 200 personen (buiten) bedraagt.<\/p>\n<p class=\"x_xmsonormal\">Indien horeca-activiteiten worden uitgeoefend, moeten de regels van de horeca worden nageleefd, met uitzondering van het maximum geluidsniveau van 80 decibels indoor. Take away is toegelaten.<\/p>\n<p class=\"x_xmsonormal\">Compartimentering van het publiek aanwezig in de sportinfrastructuur tijdens sportieve wedstrijden, voor zover deze buiten worden georganiseerd, is toegelaten op voorwaarde dat geen vermenging mogelijk is van het publiek aanwezig in de verschillende compartimenten, voor, tijdens en na de sportieve wedstrijd. Hiertoe wordt per compartiment in een aparte in- en uitgang en sanitaire infrastructuur voorzien. De capaciteit van alle compartimenten samen mag niet meer dan \u00e9\u00e9n derde van de totale capaciteit van de sportinfrastructuur bedragen.<\/p>\n<p class=\"x_xmsonormal\"><b>Markten, jaarmarkten, braderijen, brocante- of rommelmarkten, kermissen<\/b><\/p>\n<p class=\"x_xmsonormal\">Wanneer een markt, jaarmarkt, braderij, brocante- of rommelmarkt, of kermis meer dan 5.000 bezoekers op eenzelfde moment ontvangt, wordt een \u00e9\u00e9nrichtingsverkeersplan opgesteld, met afzonderlijke in- en uitgangen tot en van de markt of de kermis.<\/p>\n<p class=\"x_xmsonormal\"><b>Groepjes van acht in het kader van activiteiten<\/b><\/p>\n<p class=\"x_xmsonormal\">Voor alle hiervoor genoemde activiteiten geldt dat tijdens deze activiteiten groepen kunnen worden gevormd van maximum acht personen, kinderen tot en met twaalf jaar niet meegeteld waarbij geen social distancing moet worden gerespecteerd. Tijdens eenzelfde activiteit mogen deze groepen niet wisselen van samenstelling. Groepen van meer dan acht personen zijn toegelaten voor zover ze behoren tot hetzelfde huishouden. De regels van social distancing zijn niet van toepassing op personen die onderling behoren tot eenzelfde groep van acht personen.<\/p>\n<p class=\"x_xmsonormal\">Het samenscholingsverbod \u2019s nachts en overdag vervalt.<\/p>\n<p class=\"x_xmsonormal\"><b>Ontvangen van gasten binnen of in een klein toeristisch logies<\/b><\/p>\n<p class=\"x_xmsonormal\">Een huishouden mag maximum acht personen tegelijkertijd binnen in huis of in een klein toeristisch logies (= een vakantiewoning voor maximaal vijftien personen) ontvangen, kinderen tot en met twaalf jaar niet meegeteld.<\/p>\n<p class=\"x_xmsonormal\"><b>Werk<\/b><\/p>\n<p class=\"x_xmsonormal\">Telewerk is niet langer verplicht, maar blijft sterk aanbevolen.<\/p>\n<p class=\"x_xmsonormal\">Teambuildings met fysieke aanwezigheid zijn opnieuw toegelaten.<\/p>\n<p class=\"x_xmsonormal\"><b>Winkelen<\/b><\/p>\n<p class=\"x_xmsonormal\">Er gelden geen beperkingen meer op het aantal mensen met wie samen mag worden gewinkeld.<\/p>\n<p class=\"x_xmsonormal\">Nachtwinkels mogen openen tussen 05u00 en 01u00.<\/p>\n<p class=\"x_xmsonormal\"><b>Massa-evenementen<\/b><\/p>\n<p class=\"x_xmsonormal\">Vanaf 13 augustus 2021 mag een publiek van minimum 5.000 personen per dag en maximum 75.000 personen per dag, medewerkers en organisatoren niet meegeteld, massa-evenementen bijwonen, voor zover deze buiten worden georganiseerd, mits voorafgaande toelating van de bevoegde gemeentelijke overheid en mits het naleven van de andere voorwaarden die worden voorzien in dit verband en overeenkomstig de modaliteiten van het toepasselijke samenwerkingsakkoord dat nog dient te worden goedgekeurd.<\/p>\n<p class=\"x_xmsonormal\">Tijdens een massa-evenement kan gebruik worden gemaakt van een tent, op voorwaarde dat ten minste twee zijden daarvan volledig open en vrij zijn. Het gebruik van een luchtkwaliteitsmeter (CO2) is verplicht en deze dient in het midden van de tent op een voor de bezoeker duidelijk zichtbare plaats ge\u00efnstalleerd te worden.<\/p>\n<p class=\"x_xmsonormal\">De aankomstzone tot het massa-evenement wordt zodanig georganiseerd dat de regels van de social distancing kunnen worden gerespecteerd.<\/p>\n<p class=\"x_xmsonormal\"><b>Betogingen<\/b><\/p>\n<p class=\"x_xmsonormal\">Mits het naleven van de mondmaskerplicht en de regels van social distancing gelden geen beperkingen meer voor het aantal deelnemers aan betogingen.<\/p>\n<p class=\"x_xmsonormal\"><b>Reizen<\/b><\/p>\n<p class=\"x_xmsonormal\">De landen waarvoor een inreisverbod geldt vanwege zorgwekkende varianten worden voortaan als zones met heel hoog risico aangemerkt op de website info-coronavirus.be. Het is verboden voor personen die zich op enig moment in de afgelopen veertien dagen op het grondgebied van deze landen bevonden om naar Belgi\u00eb te reizen, in zoverre zij niet beschikken over de Belgische nationaliteit of hun hoofdverblijfplaats niet in Belgi\u00eb hebben, met uitzondering van een zeer beperkt aantal toegelaten essenti\u00eble reizen.<\/p>\n<p class=\"x_xmsonormal\">Niet-essenti\u00eble reizen vanuit rode derde landen naar Belgi\u00eb zijn vanaf 1 juli 2021 niet langer verboden voor derdelanders die een volledige vaccinatie kunnen aantonen door middel van een erkend vaccinatiecertificaat. Een volledige vaccinatie is een vaccinatie met een vaccin dat goedgekeurd werd door het Europees Geneesmiddelenagentschap en waarvan alle doses van het vaccin voorzien in de bijsluiter werden toegediend sinds tenminste 2 weken. Als vaccinatiecertificaat geldt een digitaal EU COVID vaccinatiecertificaat of een vaccinatiecertificaat vanuit een derde land dat als equivalent wordt beschouwd door de Europese Commissie op basis van de uitvoeringshandelingen of door Belgi\u00eb op basis van bilaterale akkoorden.<\/p>\n<p class=\"x_xmsonormal\">Niet-inwoners die vanuit een rode zone naar Belgi\u00eb reizen en een digitaal EU COVID certificaat kunnen voorleggen, zijn vanaf 1 juli 2021 niet langer verplicht om te beschikken over een negatief testresultaat van een test die ten vroegste 72 uren voor aankomst op het Belgisch grondgebied werd afgenomen.<\/p>\n","protected":false},"excerpt":{"rendered":"<p>Publicatie ministerieel besluit voor tweede fase zomerplan Brussel, donderdag 24 juni 2021 Het ministerieel besluit met de coronamaatregelen voor de tweede fase van het zomerplan is gepubliceerd in het Belgisch Staatsblad. Op enkele uitzonderingen na treden\u2026<\/p>\n","protected":false},"author":9,"featured_media":128204,"comment_status":"closed","ping_status":"closed","sticky":false,"template":"","format":"standard","meta":{"_acf_changed":false,"_monsterinsights_skip_tracking":false,"_monsterinsights_sitenote_active":false,"_monsterinsights_sitenote_note":"","_monsterinsights_sitenote_category":0,"footnotes":""},"categories":[37],"tags":[],"class_list":["post-331096","post","type-post","status-publish","format-standard","has-post-thumbnail","hentry","category-cat-stappen"],"acf":[],"yoast_head":"<!-- This site is optimized with the Yoast SEO plugin v27.5 - https:\/\/yoast.com\/product\/yoast-seo-wordpress\/ -->\n<title>PERSBERICHT - 24 juni 2021 - Gemeente Ganshoren<\/title>\n<meta name=\"robots\" content=\"index, follow, max-snippet:-1, max-image-preview:large, max-video-preview:-1\" \/>\n<link rel=\"canonical\" href=\"https:\/\/www.ganshoren.be\/communique-de-presse-24-juin-2021\/\" \/>\n<meta property=\"og:locale\" content=\"nl_NL\" \/>\n<meta property=\"og:type\" content=\"article\" \/>\n<meta property=\"og:title\" content=\"PERSBERICHT - 24 juni 2021 - Gemeente Ganshoren\" \/>\n<meta property=\"og:description\" content=\"Publicatie ministerieel besluit voor tweede fase zomerplan Brussel, donderdag 24 juni 2021 Het ministerieel besluit met de coronamaatregelen voor de tweede fase van het zomerplan is gepubliceerd in het Belgisch Staatsblad. Op enkele uitzonderingen na treden\u2026\" \/>\n<meta property=\"og:url\" content=\"https:\/\/www.ganshoren.be\/communique-de-presse-24-juin-2021\/\" \/>\n<meta property=\"og:site_name\" content=\"Gemeente Ganshoren\" \/>\n<meta property=\"article:published_time\" content=\"2021-06-28T06:36:12+00:00\" \/>\n<meta property=\"article:modified_time\" content=\"2021-06-28T06:39:14+00:00\" \/>\n<meta property=\"og:image\" content=\"https:\/\/www.ganshoren.be\/content\/uploads\/2020\/10\/pexels-cottonbro-3951615-750x500.jpg\" \/>\n\t<meta property=\"og:image:width\" content=\"750\" \/>\n\t<meta property=\"og:image:height\" content=\"500\" \/>\n\t<meta property=\"og:image:type\" content=\"image\/jpeg\" \/>\n<meta name=\"author\" content=\"Eleonora Krasniqi\" \/>\n<meta name=\"twitter:card\" content=\"summary_large_image\" \/>\n<meta name=\"twitter:label1\" content=\"Geschreven door\" \/>\n\t<meta name=\"twitter:data1\" content=\"Eleonora Krasniqi\" \/>\n\t<meta name=\"twitter:label2\" content=\"Geschatte leestijd\" \/>\n\t<meta name=\"twitter:data2\" content=\"6 minuten\" \/>\n<script type=\"application\/ld+json\" class=\"yoast-schema-graph\">{\"@context\":\"https:\\\/\\\/schema.org\",\"@graph\":[{\"@type\":\"Article\",\"@id\":\"https:\\\/\\\/www.ganshoren.be\\\/communique-de-presse-24-juin-2021\\\/#article\",\"isPartOf\":{\"@id\":\"https:\\\/\\\/www.ganshoren.be\\\/communique-de-presse-24-juin-2021\\\/\"},\"author\":{\"name\":\"Eleonora Krasniqi\",\"@id\":\"https:\\\/\\\/www.ganshoren.be\\\/#\\\/schema\\\/person\\\/18be101923057ae3f0b0aebfbada1a7c\"},\"headline\":\"PERSBERICHT &#8211; 24 juni 2021\",\"datePublished\":\"2021-06-28T06:36:12+00:00\",\"dateModified\":\"2021-06-28T06:39:14+00:00\",\"mainEntityOfPage\":{\"@id\":\"https:\\\/\\\/www.ganshoren.be\\\/communique-de-presse-24-juin-2021\\\/\"},\"wordCount\":1256,\"image\":{\"@id\":\"https:\\\/\\\/www.ganshoren.be\\\/communique-de-presse-24-juin-2021\\\/#primaryimage\"},\"thumbnailUrl\":\"https:\\\/\\\/www.ganshoren.be\\\/content\\\/uploads\\\/2020\\\/10\\\/pexels-cottonbro-3951615-1280x960.jpg\",\"articleSection\":[\"Stappen\"],\"inLanguage\":\"nl-NL\"},{\"@type\":\"WebPage\",\"@id\":\"https:\\\/\\\/www.ganshoren.be\\\/communique-de-presse-24-juin-2021\\\/\",\"url\":\"https:\\\/\\\/www.ganshoren.be\\\/communique-de-presse-24-juin-2021\\\/\",\"name\":\"PERSBERICHT - 24 juni 2021 - Gemeente Ganshoren\",\"isPartOf\":{\"@id\":\"https:\\\/\\\/www.ganshoren.be\\\/#website\"},\"primaryImageOfPage\":{\"@id\":\"https:\\\/\\\/www.ganshoren.be\\\/communique-de-presse-24-juin-2021\\\/#primaryimage\"},\"image\":{\"@id\":\"https:\\\/\\\/www.ganshoren.be\\\/communique-de-presse-24-juin-2021\\\/#primaryimage\"},\"thumbnailUrl\":\"https:\\\/\\\/www.ganshoren.be\\\/content\\\/uploads\\\/2020\\\/10\\\/pexels-cottonbro-3951615-1280x960.jpg\",\"datePublished\":\"2021-06-28T06:36:12+00:00\",\"dateModified\":\"2021-06-28T06:39:14+00:00\",\"author\":{\"@id\":\"https:\\\/\\\/www.ganshoren.be\\\/#\\\/schema\\\/person\\\/18be101923057ae3f0b0aebfbada1a7c\"},\"breadcrumb\":{\"@id\":\"https:\\\/\\\/www.ganshoren.be\\\/communique-de-presse-24-juin-2021\\\/#breadcrumb\"},\"inLanguage\":\"nl-NL\",\"potentialAction\":[{\"@type\":\"ReadAction\",\"target\":[\"https:\\\/\\\/www.ganshoren.be\\\/communique-de-presse-24-juin-2021\\\/\"]}]},{\"@type\":\"ImageObject\",\"inLanguage\":\"nl-NL\",\"@id\":\"https:\\\/\\\/www.ganshoren.be\\\/communique-de-presse-24-juin-2021\\\/#primaryimage\",\"url\":\"https:\\\/\\\/www.ganshoren.be\\\/content\\\/uploads\\\/2020\\\/10\\\/pexels-cottonbro-3951615-1280x960.jpg\",\"contentUrl\":\"https:\\\/\\\/www.ganshoren.be\\\/content\\\/uploads\\\/2020\\\/10\\\/pexels-cottonbro-3951615-1280x960.jpg\",\"width\":2560,\"height\":1707},{\"@type\":\"BreadcrumbList\",\"@id\":\"https:\\\/\\\/www.ganshoren.be\\\/communique-de-presse-24-juin-2021\\\/#breadcrumb\",\"itemListElement\":[{\"@type\":\"ListItem\",\"position\":1,\"name\":\"Home\",\"item\":\"https:\\\/\\\/www.ganshoren.be\\\/\"},{\"@type\":\"ListItem\",\"position\":2,\"name\":\"PERSBERICHT &#8211; 24 juni 2021\"}]},{\"@type\":\"WebSite\",\"@id\":\"https:\\\/\\\/www.ganshoren.be\\\/#website\",\"url\":\"https:\\\/\\\/www.ganshoren.be\\\/\",\"name\":\"Gemeente Ganshoren\",\"description\":\"Administration communale de Ganshoren\",\"potentialAction\":[{\"@type\":\"SearchAction\",\"target\":{\"@type\":\"EntryPoint\",\"urlTemplate\":\"https:\\\/\\\/www.ganshoren.be\\\/?s={search_term_string}\"},\"query-input\":{\"@type\":\"PropertyValueSpecification\",\"valueRequired\":true,\"valueName\":\"search_term_string\"}}],\"inLanguage\":\"nl-NL\"},{\"@type\":\"Person\",\"@id\":\"https:\\\/\\\/www.ganshoren.be\\\/#\\\/schema\\\/person\\\/18be101923057ae3f0b0aebfbada1a7c\",\"name\":\"Eleonora Krasniqi\",\"image\":{\"@type\":\"ImageObject\",\"inLanguage\":\"nl-NL\",\"@id\":\"https:\\\/\\\/secure.gravatar.com\\\/avatar\\\/2dc06c084dd43f687fd20917a4da1d6f9681bbe01fe554d30fc2c43d9f7e0db1?s=96&d=mm&r=g\",\"url\":\"https:\\\/\\\/secure.gravatar.com\\\/avatar\\\/2dc06c084dd43f687fd20917a4da1d6f9681bbe01fe554d30fc2c43d9f7e0db1?s=96&d=mm&r=g\",\"contentUrl\":\"https:\\\/\\\/secure.gravatar.com\\\/avatar\\\/2dc06c084dd43f687fd20917a4da1d6f9681bbe01fe554d30fc2c43d9f7e0db1?s=96&d=mm&r=g\",\"caption\":\"Eleonora Krasniqi\"},\"url\":\"https:\\\/\\\/www.ganshoren.be\\\/nl\\\/author\\\/eleonore\\\/\"}]}<\/script>\n<!-- \/ Yoast SEO plugin. -->","yoast_head_json":{"title":"PERSBERICHT - 24 juni 2021 - Gemeente Ganshoren","robots":{"index":"index","follow":"follow","max-snippet":"max-snippet:-1","max-image-preview":"max-image-preview:large","max-video-preview":"max-video-preview:-1"},"canonical":"https:\/\/www.ganshoren.be\/communique-de-presse-24-juin-2021\/","og_locale":"nl_NL","og_type":"article","og_title":"PERSBERICHT - 24 juni 2021 - Gemeente Ganshoren","og_description":"Publicatie ministerieel besluit voor tweede fase zomerplan Brussel, donderdag 24 juni 2021 Het ministerieel besluit met de coronamaatregelen voor de tweede fase van het zomerplan is gepubliceerd in het Belgisch Staatsblad. Op enkele uitzonderingen na treden\u2026","og_url":"https:\/\/www.ganshoren.be\/communique-de-presse-24-juin-2021\/","og_site_name":"Gemeente Ganshoren","article_published_time":"2021-06-28T06:36:12+00:00","article_modified_time":"2021-06-28T06:39:14+00:00","og_image":[{"width":750,"height":500,"url":"https:\/\/www.ganshoren.be\/content\/uploads\/2020\/10\/pexels-cottonbro-3951615-750x500.jpg","type":"image\/jpeg"}],"author":"Eleonora Krasniqi","twitter_card":"summary_large_image","twitter_misc":{"Geschreven door":"Eleonora Krasniqi","Geschatte leestijd":"6 minuten"},"schema":{"@context":"https:\/\/schema.org","@graph":[{"@type":"Article","@id":"https:\/\/www.ganshoren.be\/communique-de-presse-24-juin-2021\/#article","isPartOf":{"@id":"https:\/\/www.ganshoren.be\/communique-de-presse-24-juin-2021\/"},"author":{"name":"Eleonora Krasniqi","@id":"https:\/\/www.ganshoren.be\/#\/schema\/person\/18be101923057ae3f0b0aebfbada1a7c"},"headline":"PERSBERICHT &#8211; 24 juni 2021","datePublished":"2021-06-28T06:36:12+00:00","dateModified":"2021-06-28T06:39:14+00:00","mainEntityOfPage":{"@id":"https:\/\/www.ganshoren.be\/communique-de-presse-24-juin-2021\/"},"wordCount":1256,"image":{"@id":"https:\/\/www.ganshoren.be\/communique-de-presse-24-juin-2021\/#primaryimage"},"thumbnailUrl":"https:\/\/www.ganshoren.be\/content\/uploads\/2020\/10\/pexels-cottonbro-3951615-1280x960.jpg","articleSection":["Stappen"],"inLanguage":"nl-NL"},{"@type":"WebPage","@id":"https:\/\/www.ganshoren.be\/communique-de-presse-24-juin-2021\/","url":"https:\/\/www.ganshoren.be\/communique-de-presse-24-juin-2021\/","name":"PERSBERICHT - 24 juni 2021 - Gemeente Ganshoren","isPartOf":{"@id":"https:\/\/www.ganshoren.be\/#website"},"primaryImageOfPage":{"@id":"https:\/\/www.ganshoren.be\/communique-de-presse-24-juin-2021\/#primaryimage"},"image":{"@id":"https:\/\/www.ganshoren.be\/communique-de-presse-24-juin-2021\/#primaryimage"},"thumbnailUrl":"https:\/\/www.ganshoren.be\/content\/uploads\/2020\/10\/pexels-cottonbro-3951615-1280x960.jpg","datePublished":"2021-06-28T06:36:12+00:00","dateModified":"2021-06-28T06:39:14+00:00","author":{"@id":"https:\/\/www.ganshoren.be\/#\/schema\/person\/18be101923057ae3f0b0aebfbada1a7c"},"breadcrumb":{"@id":"https:\/\/www.ganshoren.be\/communique-de-presse-24-juin-2021\/#breadcrumb"},"inLanguage":"nl-NL","potentialAction":[{"@type":"ReadAction","target":["https:\/\/www.ganshoren.be\/communique-de-presse-24-juin-2021\/"]}]},{"@type":"ImageObject","inLanguage":"nl-NL","@id":"https:\/\/www.ganshoren.be\/communique-de-presse-24-juin-2021\/#primaryimage","url":"https:\/\/www.ganshoren.be\/content\/uploads\/2020\/10\/pexels-cottonbro-3951615-1280x960.jpg","contentUrl":"https:\/\/www.ganshoren.be\/content\/uploads\/2020\/10\/pexels-cottonbro-3951615-1280x960.jpg","width":2560,"height":1707},{"@type":"BreadcrumbList","@id":"https:\/\/www.ganshoren.be\/communique-de-presse-24-juin-2021\/#breadcrumb","itemListElement":[{"@type":"ListItem","position":1,"name":"Home","item":"https:\/\/www.ganshoren.be\/"},{"@type":"ListItem","position":2,"name":"PERSBERICHT &#8211; 24 juni 2021"}]},{"@type":"WebSite","@id":"https:\/\/www.ganshoren.be\/#website","url":"https:\/\/www.ganshoren.be\/","name":"Gemeente Ganshoren","description":"Administration communale de Ganshoren","potentialAction":[{"@type":"SearchAction","target":{"@type":"EntryPoint","urlTemplate":"https:\/\/www.ganshoren.be\/?s={search_term_string}"},"query-input":{"@type":"PropertyValueSpecification","valueRequired":true,"valueName":"search_term_string"}}],"inLanguage":"nl-NL"},{"@type":"Person","@id":"https:\/\/www.ganshoren.be\/#\/schema\/person\/18be101923057ae3f0b0aebfbada1a7c","name":"Eleonora Krasniqi","image":{"@type":"ImageObject","inLanguage":"nl-NL","@id":"https:\/\/secure.gravatar.com\/avatar\/2dc06c084dd43f687fd20917a4da1d6f9681bbe01fe554d30fc2c43d9f7e0db1?s=96&d=mm&r=g","url":"https:\/\/secure.gravatar.com\/avatar\/2dc06c084dd43f687fd20917a4da1d6f9681bbe01fe554d30fc2c43d9f7e0db1?s=96&d=mm&r=g","contentUrl":"https:\/\/secure.gravatar.com\/avatar\/2dc06c084dd43f687fd20917a4da1d6f9681bbe01fe554d30fc2c43d9f7e0db1?s=96&d=mm&r=g","caption":"Eleonora Krasniqi"},"url":"https:\/\/www.ganshoren.be\/nl\/author\/eleonore\/"}]}},"_links":{"self":[{"href":"https:\/\/www.ganshoren.be\/nl\/wp-json\/wp\/v2\/posts\/331096","targetHints":{"allow":["GET"]}}],"collection":[{"href":"https:\/\/www.ganshoren.be\/nl\/wp-json\/wp\/v2\/posts"}],"about":[{"href":"https:\/\/www.ganshoren.be\/nl\/wp-json\/wp\/v2\/types\/post"}],"author":[{"embeddable":true,"href":"https:\/\/www.ganshoren.be\/nl\/wp-json\/wp\/v2\/users\/9"}],"replies":[{"embeddable":true,"href":"https:\/\/www.ganshoren.be\/nl\/wp-json\/wp\/v2\/comments?post=331096"}],"version-history":[{"count":1,"href":"https:\/\/www.ganshoren.be\/nl\/wp-json\/wp\/v2\/posts\/331096\/revisions"}],"predecessor-version":[{"id":331110,"href":"https:\/\/www.ganshoren.be\/nl\/wp-json\/wp\/v2\/posts\/331096\/revisions\/331110"}],"wp:featuredmedia":[{"embeddable":true,"href":"https:\/\/www.ganshoren.be\/nl\/wp-json\/wp\/v2\/media\/128204"}],"wp:attachment":[{"href":"https:\/\/www.ganshoren.be\/nl\/wp-json\/wp\/v2\/media?parent=331096"}],"wp:term":[{"taxonomy":"category","embeddable":true,"href":"https:\/\/www.ganshoren.be\/nl\/wp-json\/wp\/v2\/categories?post=331096"},{"taxonomy":"post_tag","embeddable":true,"href":"https:\/\/www.ganshoren.be\/nl\/wp-json\/wp\/v2\/tags?post=331096"}],"curies":[{"name":"wp","href":"https:\/\/api.w.org\/{rel}","templated":true}]}}